{"id":123,"date":"2012-11-28T19:52:00","date_gmt":"2012-11-28T18:52:00","guid":{"rendered":"https:\/\/hermersberg.de\/wp\/2012\/11\/28\/dorf-will-jubilaeum-feiern-wie-noch-nie\/"},"modified":"2012-11-28T19:52:00","modified_gmt":"2012-11-28T18:52:00","slug":"dorf-will-jubilaeum-feiern-wie-noch-nie","status":"publish","type":"post","link":"https:\/\/hermersberg.de\/wp\/2012\/11\/28\/dorf-will-jubilaeum-feiern-wie-noch-nie\/","title":{"rendered":"Dorf will Jubil\u00e4um feiern wie noch nie"},"content":{"rendered":"<p>Hermersberg: Schon jetzt beginnen Vorbereitungen f\u00fcr viert\u00e4giges Fest im Jahr 2014 \u2013 Zelt f\u00fcr 2000 Besucher soll voll werden<\/p>\n<p> Die Planungen f\u00fcr die Feiern zum 650. Dorfjubil\u00e4um von Hermersberg im Jahr 2014 haben bereits begonnen. Daf\u00fcr haben sich 40 Vereinsvertreter, Gemeinder\u00e4te und interessierte Einwohner getroffen. Einig waren sich alle, dass gro\u00df gefeiert wird; zumal noch nie ein Ortsjubil\u00e4um in der Sickingerh\u00f6h-Gemeinde so aufw\u00e4ndig begangen wurde.Das viert\u00e4gige Festwochenende wurde vorl\u00e4ufig auf den 29. Mai bis 1. Juni gelegt. Ob dieser Termin eingehalten werden kann, h\u00e4ngt auch davon ab, ob ein Radiosender, der f\u00fcr eine Veranstaltung eingeplant ist, an diesem Wochenende noch freie Termine hat. Ber\u00fccksichtigt wurde auch die im Jahr 2014 stattfindende Fu\u00dfballweltmeisterschaft und die Kommunalwahlen. Das Fest soll in der Region seines Gleichen sucht. F\u00fcr alle Altersgruppen soll etwas geboten werden und es soll sich von den \u00fcblichen Dorfjubil\u00e4umsfeiern deutlich unterscheiden.Ein Zelt, das 2000 Personen Platz bietet, soll gemietet werden. Der Standort muss noch mit dem Zeltbauer abgekl\u00e4rt werden. Zur Auswahl stehen das Gel\u00e4nde des M\u00e4nnergesangverein Frohsinns oder die Wiese an der Einfahrt zum Gewerbegebiet am Kreisel, am Ortseingang aus Richtung Waldfischbach-Burgalben. Damit die Einwohner auch feiern k\u00f6nnen , soll die Bewirtung im Zelt an einen kommerziellen Anbieter vergeben werden. Zeigen Vereine Interesse an einer Bewirtung, k\u00f6nnen sie eingebunden werden. Ortschef Erich Sommer zweifelt aber daran, ob die Vereine ein vier Tage dauerndes Fest in dieser Gr\u00f6\u00dfenordnung alleine bew\u00e4ltigen k\u00f6nnen.   <\/p>\n<p> Bedenken, dass das Zelt nicht ausgelastet wird, hatten ein Gro\u00dfteil der Anwesenden nicht. Bringe jeder Hermersberger seine Verwandten und Freunde mit, brauche man sich um die Belegung keine Sorgen zu machen. Am Programm soll es jedenfalls nicht liegen. Angedacht ist, eine \u00fcberregional bekannte Band f\u00fcr einen Abend zu engagieren. Mindestens ein Feuerwerk geh\u00f6rt auch zu einem solchen Fest, war man sich einig. Geplant ist auch ein Umzug. Die Vereine wurden aufgefordert, sich Gedanken \u00fcber Motivwagen und Gruppenbeitr\u00e4ge zu machen. Szenen aus der Ortsgeschichte sollen dargestellt werden. An dem Umzug k\u00f6nnen auch private Gruppen oder andere Formationen teilnehmen. Damit sich auch den ausw\u00e4rtigen Besuchern der Sinn der Beitr\u00e4ge erschlie\u00dft, sollen die Szenen an zentraler Stelle kommentiert oder Flyer verteilt werden.   <\/p>\n<p> Ein offizieller Festakt solle maximal zwei Wochen vor dem Festwochenende in der Mehrzweckhalle stattfinden. Ob dies m\u00f6glich ist, soll erst noch anhand der ersten anerkannten urkundlichen Erw\u00e4hnung gekl\u00e4rt werden, da man den offiziellen Festakt gerne mit diesem Datum verbinden m\u00f6chte. Das genaue Datum wusste aber keiner der Anwesenden, so dass Sommer beauftragt wurde, den Termin in Erfahrung zu bringen.  <\/p>\n<p> Ein Buch mit der Ortsgeschichte soll nicht erstellt werden, aber eine umfangreiche Festschrift. Sponsoren sollen namentlich aufgelistet werden, aber ohne Werbelogos. In dem Werk k\u00f6nnen sich alle Vereine vorstellen. Einzelbeitr\u00e4ge k\u00f6nnen sich etwa mit dem Aufbau der Strom-, Abwasser und Wasserversorgung, mit den Schulen und Kirchen befassen. Thematisiert wird die Entwicklung vom Bauerndorf zur Wohngemeinde.   <\/p>\n<p> Noch unklar ist, in welcher Form eine Bilderdokumentation und eine Filmveranstaltung pr\u00e4sentiert werden. Dazu werden historische Fotoaufnahmen aufbereitet und zusammengestellt. F\u00fcr den Film sollen Super-Acht-Streifen digital aufgearbeitet und zu einem Film zusammengeschnitten werden. Material sei vorhanden, sagte Erhard Lelle. Er f\u00fchrte seinen Schwiegervater Karl Meckler an, der Dorffeste gefilmt hatte, den verstorbenen Dirigenten des M\u00e4nnergesangvereins, Erich Rutz, sowie Helmut Wagner und Manfred Agne.   <\/p>\n<p> Mit einer krachenden Silvesterparty soll das Jubil\u00e4umsjahr in der Mehrzweckhalle er\u00f6ffnet werden. Beigeordnete Renate K\u00f6nnel regte an, H\u00e4user, in denen fr\u00fcher alte Berufe ausge\u00fcbt wurden, eigens f\u00fcr das Festwochenende mit Schildern zu kennzeichnen. Dazu z\u00e4hlte sie folgende Einrichtungen und Berufe auf: erste Schule auf dem Windhof, das \u201eKitsche\u201c der Polizei, Schmied, Sattler, Schreiner oder auch einen Kolonialwarenladen. Lelle regte an, eine Karte in die Festschrift aufzunehmen, in der diese besonderen H\u00e4user gekennzeichnet sind. Strohpuppen oder \u00c4hnliches sollen an den Ortseing\u00e4ngen von Jahresbeginn an auf die 650-Jahr-Feier hinweisen.   <\/p>\n<p> Gesucht werden noch historisches Fotomaterial, Urkunden und Notizen. Wer so etwas hat, kann sich bei den Mitgliedern der Arbeitskreise melden oder gleich zu den Treffen kommen. Die Arbeitskreise sind offen und sollen noch aufgestockt werden. Die ersten Treffen finden Anfang Dezember im Obergeschoss des Rathauses, wo zwei Zimmer zur Verf\u00fcgung stehen, statt. Bis dahin hat der Ratssaal neues Mobiliar und das vorhandene kann f\u00fcr die Ausstattung der beiden R\u00e4ume verwendet werden, sagte Sommer. \u00dcber den Fortschritt der Planung soll auf der Homepage der Gemeinde regelm\u00e4\u00dfig berichtet werden.  <\/p>\n<p> ArbeitskreiseFestschrift: Erhard Lelle, Jochen Werle, Manfred Stanjura, Alex Fuchs, Petra Ziegler, Helmut WagnerFestwochenende: Ralf Juner, Philipp L\u00f6sch, Felix Burkhard, Friedolin Deppert, Martin Szkudlapski, Georg Eisenhuth, Ralf Weis, Robert Vatter, Frank Gries, Peter Lehnhard und Steffen Schn\u00f6der. Film\/Bilder: Renate K\u00f6nnel, Gerhard M\u00fcller, Steffen Tamson, Reiner K\u00f6nnel, Manfred Agne und Wolfgang Gries. Werbung\/Sponsoring: Erich Sommer, Renate K\u00f6nnel und Dirk Palm. (Die Rheinpfalz)<\/p>\n","protected":false},"excerpt":{"rendered":"<p>Hermersberg: Schon jetzt beginnen Vorbereitungen f\u00fcr viert\u00e4giges Fest im Jahr 2014 \u2013 Zelt f\u00fcr 2000 Besucher soll voll werden Die Planungen f\u00fcr die Feiern zum 650. Dorfjubil\u00e4um von Hermersberg im [&hellip;]<\/p>\n","protected":false},"author":1,"featured_media":0,"comment_status":"open","ping_status":"open","sticky":false,"template":"","format":"standard","meta":{"_EventAllDay":false,"_EventTimezone":"","_EventStartDate":"","_EventEndDate":"","_EventStartDateUTC":"","_EventEndDateUTC":"","_EventShowMap":false,"_EventShowMapLink":false,"_EventURL":"","_EventCost":"","_EventCostDescription":"","_EventCurrencySymbol":"","_EventCurrencyCode":"","_EventCurrencyPosition":"","_EventDateTimeSeparator":"","_EventTimeRangeSeparator":"","_EventOrganizerID":[],"_EventVenueID":[],"_OrganizerEmail":"","_OrganizerPhone":"","_OrganizerWebsite":"","_VenueAddress":"","_VenueCity":"","_VenueCountry":"","_VenueProvince":"","_VenueState":"","_VenueZip":"","_VenuePhone":"","_VenueURL":"","_VenueStateProvince":"","_VenueLat":"","_VenueLng":"","_VenueShowMap":false,"_VenueShowMapLink":false,"footnotes":""},"categories":[4],"tags":[],"class_list":["post-123","post","type-post","status-publish","format-standard","hentry","category-news"],"_links":{"self":[{"href":"https:\/\/hermersberg.de\/wp\/wp-json\/wp\/v2\/posts\/123","targetHints":{"allow":["GET"]}}],"collection":[{"href":"https:\/\/hermersberg.de\/wp\/wp-json\/wp\/v2\/posts"}],"about":[{"href":"https:\/\/hermersberg.de\/wp\/wp-json\/wp\/v2\/types\/post"}],"author":[{"embeddable":true,"href":"https:\/\/hermersberg.de\/wp\/wp-json\/wp\/v2\/users\/1"}],"replies":[{"embeddable":true,"href":"https:\/\/hermersberg.de\/wp\/wp-json\/wp\/v2\/comments?post=123"}],"version-history":[{"count":0,"href":"https:\/\/hermersberg.de\/wp\/wp-json\/wp\/v2\/posts\/123\/revisions"}],"wp:attachment":[{"href":"https:\/\/hermersberg.de\/wp\/wp-json\/wp\/v2\/media?parent=123"}],"wp:term":[{"taxonomy":"category","embeddable":true,"href":"https:\/\/hermersberg.de\/wp\/wp-json\/wp\/v2\/categories?post=123"},{"taxonomy":"post_tag","embeddable":true,"href":"https:\/\/hermersberg.de\/wp\/wp-json\/wp\/v2\/tags?post=123"}],"curies":[{"name":"wp","href":"https:\/\/api.w.org\/{rel}","templated":true}]}}