{"id":502,"date":"2024-09-04T20:22:20","date_gmt":"2024-09-04T18:22:20","guid":{"rendered":"https:\/\/hermersberg.de\/wp\/2024\/09\/04\/schad-die-kerb-is-aus\/"},"modified":"2025-06-17T15:49:30","modified_gmt":"2025-06-17T13:49:30","slug":"schad-die-kerb-is-aus","status":"publish","type":"post","link":"https:\/\/hermersberg.de\/wp\/2024\/09\/04\/schad-die-kerb-is-aus\/","title":{"rendered":"Schad, die Kerb is aus"},"content":{"rendered":"<figure class=\"image\"><img decoding=\"async\" class=\" size-full wp-image-496\" src=\"https:\/\/hermersberg.de\/wp\/wp-content\/uploads\/2024\/09\/Kerwered-scaled.jpg\" width=\"2880\" height=\"2880\" loading=\"lazy\" data-path=\"local-images:\/Kerwered.jpg\" srcset=\"https:\/\/hermersberg.de\/wp\/wp-content\/uploads\/2024\/09\/Kerwered-scaled.jpg 2560w, https:\/\/hermersberg.de\/wp\/wp-content\/uploads\/2024\/09\/Kerwered-300x300.jpg 300w, https:\/\/hermersberg.de\/wp\/wp-content\/uploads\/2024\/09\/Kerwered-1024x1024.jpg 1024w, https:\/\/hermersberg.de\/wp\/wp-content\/uploads\/2024\/09\/Kerwered-150x150.jpg 150w, https:\/\/hermersberg.de\/wp\/wp-content\/uploads\/2024\/09\/Kerwered-768x768.jpg 768w, https:\/\/hermersberg.de\/wp\/wp-content\/uploads\/2024\/09\/Kerwered-1536x1536.jpg 1536w, https:\/\/hermersberg.de\/wp\/wp-content\/uploads\/2024\/09\/Kerwered-2048x2048.jpg 2048w\" sizes=\"auto, (max-width: 2880px) 100vw, 2880px\" \/><figcaption><span style=\"color: rgb(35, 111, 161); font-size: 14px;\">Unglaublich viele Zuschauer h\u00f6rten die Kerwered<\/p>\n<p><span style=\"font-size: 18px;\"><strong><span style=\"color: rgb(35, 111, 161);\">Schad, die Kerb is aus<\/span><br \/><\/strong><\/span><br \/>Auch in diesem Jahr konnten die Hermersberger B\u00fcrger die Kerwe wieder bei bestem Wetter feiern.<\/p>\n<p>Es gab viele Attraktionen, welche die zahlreichen G\u00e4ste in Feierlaune versetzten und durchweg f\u00fcr gute Stimmung sorgten. SIEHE BILDBESCHREIBUNGEN.<\/p>\n<p>Nicht im Bild sind u.a. so sch\u00f6ne Events wie: Bier vor vier bei der Feuerwehr am Freitag, die Kerwespiele der Hermersberger Mannschaften (die erste Mannschaft gewann 2:0) und der Fr\u00fchschoppen im Sportheim.<\/p>\n<p><strong>Die Ortsgemeinde bedankt sich bei allen Veranstaltern und Helfern sowie bei der Bev\u00f6lkerung f\u00fcr die \u00fcberaus tolle Beteiligung.<br \/><\/strong><br \/><span style=\"font-size: 18px;\"><strong>Ohne diesen Zusammenhalt w\u00e4ren solche sch\u00f6nen Tage nicht m\u00f6glich.<\/strong><\/span><\/p>\n<p><span style=\"font-size: 18px;\"><strong><span style=\"color: rgb(35, 111, 161);\">UN DIE HERMERSCHBERJER KERB SOLL LEWE\u2026<\/span><\/p>\n<p><\/strong><\/span><\/span><br \/>\n<!--more--><\/p>\n<figure class=\"image\"><img decoding=\"async\" class=\" size-full wp-image-497\" src=\"https:\/\/hermersberg.de\/wp\/wp-content\/uploads\/2024\/09\/Jannik-und-Jannik.jpg\" width=\"1072\" height=\"937\" loading=\"lazy\" data-path=\"local-images:\/Jannik und Jannik.jpg\" srcset=\"https:\/\/hermersberg.de\/wp\/wp-content\/uploads\/2024\/09\/Jannik-und-Jannik.jpg 1072w, https:\/\/hermersberg.de\/wp\/wp-content\/uploads\/2024\/09\/Jannik-und-Jannik-300x262.jpg 300w, https:\/\/hermersberg.de\/wp\/wp-content\/uploads\/2024\/09\/Jannik-und-Jannik-1024x895.jpg 1024w, https:\/\/hermersberg.de\/wp\/wp-content\/uploads\/2024\/09\/Jannik-und-Jannik-768x671.jpg 768w\" sizes=\"auto, (max-width: 1072px) 100vw, 1072px\" \/><figcaption><span style=\"color: rgb(35, 111, 161);\"><strong><br \/><span style=\"color: rgb(35, 111, 161);\">Jannik Zimmer hat in alt bekannter Manier eine tolle Rede geschrieben. Der witzige Vortrag wurde vom Kerweschreier Jannik Faust tatkr\u00e4ftig unterst\u00fctzt.<\/span><\/strong><\/span><\/p>\n<figure class=\"image\"><img decoding=\"async\" class=\" size-full wp-image-498\" src=\"https:\/\/hermersberg.de\/wp\/wp-content\/uploads\/2024\/09\/Moosalbtaler-scaled.jpg\" width=\"2880\" height=\"2880\" loading=\"lazy\" data-path=\"local-images:\/Moosalbtaler.jpg\" srcset=\"https:\/\/hermersberg.de\/wp\/wp-content\/uploads\/2024\/09\/Moosalbtaler-scaled.jpg 2560w, https:\/\/hermersberg.de\/wp\/wp-content\/uploads\/2024\/09\/Moosalbtaler-300x300.jpg 300w, https:\/\/hermersberg.de\/wp\/wp-content\/uploads\/2024\/09\/Moosalbtaler-1024x1024.jpg 1024w, https:\/\/hermersberg.de\/wp\/wp-content\/uploads\/2024\/09\/Moosalbtaler-150x150.jpg 150w, https:\/\/hermersberg.de\/wp\/wp-content\/uploads\/2024\/09\/Moosalbtaler-768x768.jpg 768w, https:\/\/hermersberg.de\/wp\/wp-content\/uploads\/2024\/09\/Moosalbtaler-1536x1536.jpg 1536w, https:\/\/hermersberg.de\/wp\/wp-content\/uploads\/2024\/09\/Moosalbtaler-2048x2048.jpg 2048w\" sizes=\"auto, (max-width: 2880px) 100vw, 2880px\" \/><figcaption><span style=\"color: rgb(35, 111, 161);\">J<strong>unge und &#8222;\u00e4ltere&#8220; Musiker der verschiedenen Moosalbtaler Formationen spielten schon am Samstag beim Daydrinking-Event der GSG 9 und Ralf Juner zur Freude vieler Zuschauer auf.<\/strong><\/span><\/p>\n<figure class=\"image\"><img decoding=\"async\" class=\" size-full wp-image-499\" src=\"https:\/\/hermersberg.de\/wp\/wp-content\/uploads\/2024\/09\/Gesangverein-scaled.jpg\" width=\"2880\" height=\"2880\" loading=\"lazy\" data-path=\"local-images:\/Gesangverein.jpg\" srcset=\"https:\/\/hermersberg.de\/wp\/wp-content\/uploads\/2024\/09\/Gesangverein-scaled.jpg 2560w, https:\/\/hermersberg.de\/wp\/wp-content\/uploads\/2024\/09\/Gesangverein-300x300.jpg 300w, https:\/\/hermersberg.de\/wp\/wp-content\/uploads\/2024\/09\/Gesangverein-1024x1024.jpg 1024w, https:\/\/hermersberg.de\/wp\/wp-content\/uploads\/2024\/09\/Gesangverein-150x150.jpg 150w, https:\/\/hermersberg.de\/wp\/wp-content\/uploads\/2024\/09\/Gesangverein-768x768.jpg 768w, https:\/\/hermersberg.de\/wp\/wp-content\/uploads\/2024\/09\/Gesangverein-1536x1536.jpg 1536w, https:\/\/hermersberg.de\/wp\/wp-content\/uploads\/2024\/09\/Gesangverein-2048x2048.jpg 2048w\" sizes=\"auto, (max-width: 2880px) 100vw, 2880px\" \/><figcaption><span style=\"color: rgb(35, 111, 161);\"><strong><span style=\"color: rgb(35, 111, 161);\">Der M\u00e4nner Gesangverein gestaltete, wie fast jedes Jahr, den Gottesdienst zur Kirchweihe.<\/span><\/p>\n<p><img decoding=\"async\" class=\" size-full wp-image-500\" src=\"https:\/\/hermersberg.de\/wp\/wp-content\/uploads\/2024\/09\/Besucher-scaled.jpg\" width=\"4000\" height=\"3000\" loading=\"lazy\" data-path=\"local-images:\/Besucher.jpg\" srcset=\"https:\/\/hermersberg.de\/wp\/wp-content\/uploads\/2024\/09\/Besucher-scaled.jpg 2560w, https:\/\/hermersberg.de\/wp\/wp-content\/uploads\/2024\/09\/Besucher-300x225.jpg 300w, https:\/\/hermersberg.de\/wp\/wp-content\/uploads\/2024\/09\/Besucher-1024x768.jpg 1024w, https:\/\/hermersberg.de\/wp\/wp-content\/uploads\/2024\/09\/Besucher-768x576.jpg 768w, https:\/\/hermersberg.de\/wp\/wp-content\/uploads\/2024\/09\/Besucher-1536x1152.jpg 1536w, https:\/\/hermersberg.de\/wp\/wp-content\/uploads\/2024\/09\/Besucher-2048x1536.jpg 2048w\" sizes=\"auto, (max-width: 4000px) 100vw, 4000px\" \/><\/p>\n<p><\/strong><\/span><\/p>\n<figure class=\"image\"><img decoding=\"async\" class=\" size-full wp-image-501\" src=\"https:\/\/hermersberg.de\/wp\/wp-content\/uploads\/2024\/09\/Tanzbild.jpg\" width=\"2048\" height=\"945\" loading=\"lazy\" data-path=\"local-images:\/Tanzbild.jpg\" srcset=\"https:\/\/hermersberg.de\/wp\/wp-content\/uploads\/2024\/09\/Tanzbild.jpg 2048w, https:\/\/hermersberg.de\/wp\/wp-content\/uploads\/2024\/09\/Tanzbild-300x138.jpg 300w, https:\/\/hermersberg.de\/wp\/wp-content\/uploads\/2024\/09\/Tanzbild-1024x473.jpg 1024w, https:\/\/hermersberg.de\/wp\/wp-content\/uploads\/2024\/09\/Tanzbild-768x354.jpg 768w, https:\/\/hermersberg.de\/wp\/wp-content\/uploads\/2024\/09\/Tanzbild-1536x709.jpg 1536w\" sizes=\"auto, (max-width: 2048px) 100vw, 2048px\" \/><figcaption><span style=\"color: rgb(35, 111, 161);\"><strong>Die zahlreichen Veranstaltungen wurden stets von sehr vielen Besuchern angenommen. Selbst beim spontanen Tanzen gab es viele Teilnehmer.<\/strong><\/span><\/figcaption><\/figure>\n<p><span style=\"color: rgb(35, 111, 161);\"><strong><\/p>\n<p><\/strong><\/span><\/figcaption><\/figure>\n<\/figcaption><\/figure>\n<\/figcaption><\/figure>\n<p><span style=\"color: rgb(35, 111, 161); font-size: 14px;\"><br \/><\/span><\/p>\n<\/figcaption><\/figure>\n","protected":false},"excerpt":{"rendered":"<p>Unglaublich viele Zuschauer h\u00f6rten die Kerwered Schad, die Kerb is ausAuch in diesem Jahr konnten die Hermersberger B\u00fcrger die Kerwe wieder bei bestem Wetter feiern. Es gab viele Attraktionen, welche [&hellip;]<\/p>\n","protected":false},"author":1,"featured_media":496,"comment_status":"open","ping_status":"open","sticky":false,"template":"","format":"standard","meta":{"_EventAllDay":false,"_EventTimezone":"","_EventStartDate":"","_EventEndDate":"","_EventStartDateUTC":"","_EventEndDateUTC":"","_EventShowMap":false,"_EventShowMapLink":false,"_EventURL":"","_EventCost":"","_EventCostDescription":"","_EventCurrencySymbol":"","_EventCurrencyCode":"","_EventCurrencyPosition":"","_EventDateTimeSeparator":"","_EventTimeRangeSeparator":"","_EventOrganizerID":[],"_EventVenueID":[],"_OrganizerEmail":"","_OrganizerPhone":"","_OrganizerWebsite":"","_VenueAddress":"","_VenueCity":"","_VenueCountry":"","_VenueProvince":"","_VenueState":"","_VenueZip":"","_VenuePhone":"","_VenueURL":"","_VenueStateProvince":"","_VenueLat":"","_VenueLng":"","_VenueShowMap":false,"_VenueShowMapLink":false,"footnotes":""},"categories":[5],"tags":[],"class_list":["post-502","post","type-post","status-publish","format-standard","has-post-thumbnail","hentry","category-aktuelles"],"_links":{"self":[{"href":"https:\/\/hermersberg.de\/wp\/wp-json\/wp\/v2\/posts\/502","targetHints":{"allow":["GET"]}}],"collection":[{"href":"https:\/\/hermersberg.de\/wp\/wp-json\/wp\/v2\/posts"}],"about":[{"href":"https:\/\/hermersberg.de\/wp\/wp-json\/wp\/v2\/types\/post"}],"author":[{"embeddable":true,"href":"https:\/\/hermersberg.de\/wp\/wp-json\/wp\/v2\/users\/1"}],"replies":[{"embeddable":true,"href":"https:\/\/hermersberg.de\/wp\/wp-json\/wp\/v2\/comments?post=502"}],"version-history":[{"count":1,"href":"https:\/\/hermersberg.de\/wp\/wp-json\/wp\/v2\/posts\/502\/revisions"}],"predecessor-version":[{"id":655,"href":"https:\/\/hermersberg.de\/wp\/wp-json\/wp\/v2\/posts\/502\/revisions\/655"}],"wp:featuredmedia":[{"embeddable":true,"href":"https:\/\/hermersberg.de\/wp\/wp-json\/wp\/v2\/media\/496"}],"wp:attachment":[{"href":"https:\/\/hermersberg.de\/wp\/wp-json\/wp\/v2\/media?parent=502"}],"wp:term":[{"taxonomy":"category","embeddable":true,"href":"https:\/\/hermersberg.de\/wp\/wp-json\/wp\/v2\/categories?post=502"},{"taxonomy":"post_tag","embeddable":true,"href":"https:\/\/hermersberg.de\/wp\/wp-json\/wp\/v2\/tags?post=502"}],"curies":[{"name":"wp","href":"https:\/\/api.w.org\/{rel}","templated":true}]}}